{"id":440,"date":"2016-01-24T21:12:11","date_gmt":"2016-01-24T20:12:11","guid":{"rendered":"http:\/\/www.anazardlovesvienna.com\/?p=440"},"modified":"2016-01-24T21:12:11","modified_gmt":"2016-01-24T20:12:11","slug":"fruehlingshafte-haekeldecke","status":"publish","type":"post","link":"http:\/\/www.anazardlovesvienna.com\/?p=440","title":{"rendered":"Fr\u00fchlingshafte H\u00e4keldecke"},"content":{"rendered":"<p>Vor einiger Zeit (vor ein paar Jahren w\u00e4re hier wohl richtiger) begann ich diese Decke zu h\u00e4keln. Ich wollte zu meinen Polster\u00fcberz\u00fcgen die ihr im Hintergrund seht eine passende Decke als \u00dcberwurf.<\/p>\n<p><img loading=\"lazy\" class=\"alignnone size-large wp-image-441\" src=\"http:\/\/www.anazardlovesvienna.com\/wp-content\/uploads\/2016\/01\/SAM_3099-1024x1024.jpg\" alt=\"SAMSUNG CSC\" width=\"1024\" height=\"1024\" srcset=\"http:\/\/www.anazardlovesvienna.com\/wp-content\/uploads\/2016\/01\/SAM_3099-1024x1024.jpg 1024w, http:\/\/www.anazardlovesvienna.com\/wp-content\/uploads\/2016\/01\/SAM_3099-150x150.jpg 150w, http:\/\/www.anazardlovesvienna.com\/wp-content\/uploads\/2016\/01\/SAM_3099-300x300.jpg 300w, http:\/\/www.anazardlovesvienna.com\/wp-content\/uploads\/2016\/01\/SAM_3099-768x768.jpg 768w, http:\/\/www.anazardlovesvienna.com\/wp-content\/uploads\/2016\/01\/SAM_3099-485x485.jpg 485w, http:\/\/www.anazardlovesvienna.com\/wp-content\/uploads\/2016\/01\/SAM_3099-960x960.jpg 960w, http:\/\/www.anazardlovesvienna.com\/wp-content\/uploads\/2016\/01\/SAM_3099-109x109.jpg 109w, http:\/\/www.anazardlovesvienna.com\/wp-content\/uploads\/2016\/01\/SAM_3099-100x100.jpg 100w\" sizes=\"(max-width: 1024px) 100vw, 1024px\" \/><\/p>\n<p>Es ist gar nicht so einfach immer die passenden Farbt\u00f6ne zu finden. Aber ich denke so passen sie ganz gut.<\/p>\n<p><img loading=\"lazy\" class=\"alignnone size-large wp-image-444\" src=\"http:\/\/www.anazardlovesvienna.com\/wp-content\/uploads\/2016\/01\/SAM_3102-1024x1024.jpg\" alt=\"SAMSUNG CSC\" width=\"1024\" height=\"1024\" srcset=\"http:\/\/www.anazardlovesvienna.com\/wp-content\/uploads\/2016\/01\/SAM_3102-1024x1024.jpg 1024w, http:\/\/www.anazardlovesvienna.com\/wp-content\/uploads\/2016\/01\/SAM_3102-150x150.jpg 150w, http:\/\/www.anazardlovesvienna.com\/wp-content\/uploads\/2016\/01\/SAM_3102-300x300.jpg 300w, http:\/\/www.anazardlovesvienna.com\/wp-content\/uploads\/2016\/01\/SAM_3102-768x768.jpg 768w, http:\/\/www.anazardlovesvienna.com\/wp-content\/uploads\/2016\/01\/SAM_3102-485x485.jpg 485w, http:\/\/www.anazardlovesvienna.com\/wp-content\/uploads\/2016\/01\/SAM_3102-960x960.jpg 960w, http:\/\/www.anazardlovesvienna.com\/wp-content\/uploads\/2016\/01\/SAM_3102-109x109.jpg 109w, http:\/\/www.anazardlovesvienna.com\/wp-content\/uploads\/2016\/01\/SAM_3102-100x100.jpg 100w\" sizes=\"(max-width: 1024px) 100vw, 1024px\" \/><\/p>\n<p>Hier habe ich euch die Anleitung wieder mitgeschrieben. Hoffe ihr kommt damit zurecht.<\/p>\n<p><img loading=\"lazy\" class=\"alignnone size-large wp-image-446\" src=\"http:\/\/www.anazardlovesvienna.com\/wp-content\/uploads\/2016\/01\/SAM_3116-1024x1024.jpg\" alt=\"SAMSUNG CSC\" width=\"1024\" height=\"1024\" srcset=\"http:\/\/www.anazardlovesvienna.com\/wp-content\/uploads\/2016\/01\/SAM_3116-1024x1024.jpg 1024w, http:\/\/www.anazardlovesvienna.com\/wp-content\/uploads\/2016\/01\/SAM_3116-150x150.jpg 150w, http:\/\/www.anazardlovesvienna.com\/wp-content\/uploads\/2016\/01\/SAM_3116-300x300.jpg 300w, http:\/\/www.anazardlovesvienna.com\/wp-content\/uploads\/2016\/01\/SAM_3116-768x768.jpg 768w, http:\/\/www.anazardlovesvienna.com\/wp-content\/uploads\/2016\/01\/SAM_3116-485x485.jpg 485w, http:\/\/www.anazardlovesvienna.com\/wp-content\/uploads\/2016\/01\/SAM_3116-960x960.jpg 960w, http:\/\/www.anazardlovesvienna.com\/wp-content\/uploads\/2016\/01\/SAM_3116-109x109.jpg 109w, http:\/\/www.anazardlovesvienna.com\/wp-content\/uploads\/2016\/01\/SAM_3116-100x100.jpg 100w\" sizes=\"(max-width: 1024px) 100vw, 1024px\" \/><\/p>\n<p>Das erste St\u00e4bchen jeder Reihe wird durch 2 Luftmaschen ersetzt. Bei den klassischen St\u00e4bchen 3 Luftmaschen. Geh\u00e4kelt habe ich mit Nadel Nr. 4<\/p>\n<p><img loading=\"lazy\" class=\"alignnone size-large wp-image-442\" src=\"http:\/\/www.anazardlovesvienna.com\/wp-content\/uploads\/2016\/01\/SAM_3100-1024x1024.jpg\" alt=\"SAMSUNG CSC\" width=\"1024\" height=\"1024\" srcset=\"http:\/\/www.anazardlovesvienna.com\/wp-content\/uploads\/2016\/01\/SAM_3100-1024x1024.jpg 1024w, http:\/\/www.anazardlovesvienna.com\/wp-content\/uploads\/2016\/01\/SAM_3100-150x150.jpg 150w, http:\/\/www.anazardlovesvienna.com\/wp-content\/uploads\/2016\/01\/SAM_3100-300x300.jpg 300w, http:\/\/www.anazardlovesvienna.com\/wp-content\/uploads\/2016\/01\/SAM_3100-768x768.jpg 768w, http:\/\/www.anazardlovesvienna.com\/wp-content\/uploads\/2016\/01\/SAM_3100-485x485.jpg 485w, http:\/\/www.anazardlovesvienna.com\/wp-content\/uploads\/2016\/01\/SAM_3100-960x960.jpg 960w, http:\/\/www.anazardlovesvienna.com\/wp-content\/uploads\/2016\/01\/SAM_3100-109x109.jpg 109w, http:\/\/www.anazardlovesvienna.com\/wp-content\/uploads\/2016\/01\/SAM_3100-100x100.jpg 100w\" sizes=\"(max-width: 1024px) 100vw, 1024px\" \/><\/p>\n<p>Die Wolle:<\/p>\n<p>Hellrosa (Lana Grossa, Puntino 024), Rosa (Schachenmayr Catania 222), Gr\u00fcn (Schachenmayr Catania 260), Pink (Hofer\/Aldi Baumwolle), Wei\u00df (Steinbach Wolle Capri 01)<\/p>\n<p><img loading=\"lazy\" class=\"alignnone size-large wp-image-443\" src=\"http:\/\/www.anazardlovesvienna.com\/wp-content\/uploads\/2016\/01\/SAM_3101-1024x1024.jpg\" alt=\"SAMSUNG CSC\" width=\"1024\" height=\"1024\" srcset=\"http:\/\/www.anazardlovesvienna.com\/wp-content\/uploads\/2016\/01\/SAM_3101-1024x1024.jpg 1024w, http:\/\/www.anazardlovesvienna.com\/wp-content\/uploads\/2016\/01\/SAM_3101-150x150.jpg 150w, http:\/\/www.anazardlovesvienna.com\/wp-content\/uploads\/2016\/01\/SAM_3101-300x300.jpg 300w, http:\/\/www.anazardlovesvienna.com\/wp-content\/uploads\/2016\/01\/SAM_3101-768x768.jpg 768w, http:\/\/www.anazardlovesvienna.com\/wp-content\/uploads\/2016\/01\/SAM_3101-485x485.jpg 485w, http:\/\/www.anazardlovesvienna.com\/wp-content\/uploads\/2016\/01\/SAM_3101-960x960.jpg 960w, http:\/\/www.anazardlovesvienna.com\/wp-content\/uploads\/2016\/01\/SAM_3101-109x109.jpg 109w, http:\/\/www.anazardlovesvienna.com\/wp-content\/uploads\/2016\/01\/SAM_3101-100x100.jpg 100w\" sizes=\"(max-width: 1024px) 100vw, 1024px\" \/><\/p>\n<p>Den Wollverbrauch kann ich euch leider nicht sagen, da ich mal wieder nicht mitgeschrieben habe :0( sorry!<\/p>\n<p>Ich w\u00fcnsche euch alles Liebe und viel Spa\u00df beim H\u00e4keln!<\/p>\n","protected":false},"excerpt":{"rendered":"<p>Vor einiger Zeit (vor ein paar Jahren w\u00e4re hier wohl richtiger) begann ich diese Decke zu h\u00e4keln. Ich wollte zu meinen Polster\u00fcberz\u00fcgen die ihr im Hintergrund seht eine passende Decke als \u00dcberwurf. Es ist gar nicht so einfach immer die passenden Farbt\u00f6ne zu finden. Aber ich denke so passen sie ganz gut. Hier habe ich euch die Anleitung wieder mitgeschrieben. Hoffe ihr kommt damit zurecht. Das erste St\u00e4bchen jeder Reihe wird durch 2 Luftmaschen ersetzt. Bei den klassischen St\u00e4bchen 3 Luftmaschen. Geh\u00e4kelt habe ich mit Nadel Nr. 4 Die Wolle: Hellrosa (Lana Grossa, Puntino 024), Rosa (Schachenmayr Catania 222), Gr\u00fcn (Schachenmayr Catania 260), Pink (Hofer\/Aldi Baumwolle), Wei\u00df (Steinbach Wolle Capri 01) Den Wollverbrauch kann ich euch leider nicht sagen, da ich mal wieder nicht mitgeschrieben habe :0( sorry! Ich w\u00fcnsche euch alles Liebe und viel Spa\u00df beim H\u00e4keln!<\/p>\n","protected":false},"author":2,"featured_media":445,"comment_status":"open","ping_status":"open","sticky":false,"template":"","format":"standard","meta":[],"categories":[8],"tags":[],"_links":{"self":[{"href":"http:\/\/www.anazardlovesvienna.com\/index.php?rest_route=\/wp\/v2\/posts\/440"}],"collection":[{"href":"http:\/\/www.anazardlovesvienna.com\/index.php?rest_route=\/wp\/v2\/posts"}],"about":[{"href":"http:\/\/www.anazardlovesvienna.com\/index.php?rest_route=\/wp\/v2\/types\/post"}],"author":[{"embeddable":true,"href":"http:\/\/www.anazardlovesvienna.com\/index.php?rest_route=\/wp\/v2\/users\/2"}],"replies":[{"embeddable":true,"href":"http:\/\/www.anazardlovesvienna.com\/index.php?rest_route=%2Fwp%2Fv2%2Fcomments&post=440"}],"version-history":[{"count":5,"href":"http:\/\/www.anazardlovesvienna.com\/index.php?rest_route=\/wp\/v2\/posts\/440\/revisions"}],"predecessor-version":[{"id":452,"href":"http:\/\/www.anazardlovesvienna.com\/index.php?rest_route=\/wp\/v2\/posts\/440\/revisions\/452"}],"wp:featuredmedia":[{"embeddable":true,"href":"http:\/\/www.anazardlovesvienna.com\/index.php?rest_route=\/wp\/v2\/media\/445"}],"wp:attachment":[{"href":"http:\/\/www.anazardlovesvienna.com\/index.php?rest_route=%2Fwp%2Fv2%2Fmedia&parent=440"}],"wp:term":[{"taxonomy":"category","embeddable":true,"href":"http:\/\/www.anazardlovesvienna.com\/index.php?rest_route=%2Fwp%2Fv2%2Fcategories&post=440"},{"taxonomy":"post_tag","embeddable":true,"href":"http:\/\/www.anazardlovesvienna.com\/index.php?rest_route=%2Fwp%2Fv2%2Ftags&post=440"}],"curies":[{"name":"wp","href":"https:\/\/api.w.org\/{rel}","templated":true}]}}